{"id":630,"date":"2024-09-23T11:41:57","date_gmt":"2024-09-23T09:41:57","guid":{"rendered":"https:\/\/www.maijahelasvuo.com\/?p=630"},"modified":"2024-09-23T19:49:20","modified_gmt":"2024-09-23T17:49:20","slug":"suomi-porvoon-taidehalli-2023","status":"publish","type":"post","link":"https:\/\/www.maijahelasvuo.com\/fi\/suomi-porvoon-taidehalli-2023\/","title":{"rendered":"Porvoon Taidehalli 2023"},"content":{"rendered":"<div data-carousel-extra='{\"blog_id\":1,\"permalink\":\"https:\\\/\\\/www.maijahelasvuo.com\\\/fi\\\/suomi-porvoon-taidehalli-2023\\\/\"}' class=\"tiled-gallery type-rectangular\" data-original-width=\"720\"><div class=\"gallery-row\" style=\"width: 715px; height: 316px;\"><div class=\"gallery-group images-1\" style=\"width: 477px; height: 320px;\"><div class=\"tiled-gallery-item tiled-gallery-item-large\"><a href=\"https:\/\/www.maijahelasvuo.com\/fi\/suomi-porvoon-taidehalli-2023\/porvoon-taidehalli-yleisnakyma\/\"><img loading=\"lazy\" decoding=\"async\" data-attachment-id=\"644\" data-orig-file=\"https:\/\/www.maijahelasvuo.com\/wp-content\/uploads\/2024\/09\/Porvoon-Taidehalli-yleisnakyma.jpg\" data-orig-size=\"1920,1281\" data-comments-opened=\"0\" data-image-meta=\"{&quot;aperture&quot;:&quot;10&quot;,&quot;credit&quot;:&quot;&quot;,&quot;camera&quot;:&quot;NIKON D800&quot;,&quot;caption&quot;:&quot;&quot;,&quot;created_timestamp&quot;:&quot;1676719311&quot;,&quot;copyright&quot;:&quot;&quot;,&quot;focal_length&quot;:&quot;24&quot;,&quot;iso&quot;:&quot;200&quot;,&quot;shutter_speed&quot;:&quot;0.4&quot;,&quot;title&quot;:&quot;&quot;,&quot;orientation&quot;:&quot;1&quot;}\" data-image-title=\"N\u00e4kym\u00e4 Porvoon Taidehalli \/ view Porvoo Art Hall\" data-image-description=\"\" data-medium-file=\"https:\/\/www.maijahelasvuo.com\/wp-content\/uploads\/2024\/09\/Porvoon-Taidehalli-yleisnakyma-300x200.jpg\" data-large-file=\"https:\/\/www.maijahelasvuo.com\/wp-content\/uploads\/2024\/09\/Porvoon-Taidehalli-yleisnakyma-1024x683.jpg\" src=\"https:\/\/www.maijahelasvuo.com\/wp-content\/uploads\/2024\/09\/Porvoon-Taidehalli-yleisnakyma-473x316.jpg\" width=\"473\" height=\"316\" align=\"left\" title=\"N\u00e4kym\u00e4 Porvoon Taidehalli \/ view Porvoo Art Hall\" \/><\/a><\/div><\/div><div class=\"gallery-group images-2\" style=\"width: 238px; height: 320px;\"><div class=\"tiled-gallery-item tiled-gallery-item-small\"><a href=\"https:\/\/www.maijahelasvuo.com\/fi\/suomi-porvoon-taidehalli-2023\/nakyma-porvoon-taidehalli-view-porvoo-art-hall\/\"><img loading=\"lazy\" decoding=\"async\" data-attachment-id=\"643\" data-orig-file=\"https:\/\/www.maijahelasvuo.com\/wp-content\/uploads\/2024\/09\/Nakyma-Porvoon-Taidehalli-view-Porvoo-Art-Hall.jpg\" data-orig-size=\"1920,1281\" data-comments-opened=\"0\" data-image-meta=\"{&quot;aperture&quot;:&quot;11&quot;,&quot;credit&quot;:&quot;&quot;,&quot;camera&quot;:&quot;NIKON D800&quot;,&quot;caption&quot;:&quot;&quot;,&quot;created_timestamp&quot;:&quot;1676719443&quot;,&quot;copyright&quot;:&quot;&quot;,&quot;focal_length&quot;:&quot;24&quot;,&quot;iso&quot;:&quot;200&quot;,&quot;shutter_speed&quot;:&quot;0.4&quot;,&quot;title&quot;:&quot;&quot;,&quot;orientation&quot;:&quot;1&quot;}\" data-image-title=\"N\u00e4kym\u00e4 Porvoon Taidehalli \/ view Porvoo Art Hall\" data-image-description=\"\" data-medium-file=\"https:\/\/www.maijahelasvuo.com\/wp-content\/uploads\/2024\/09\/Nakyma-Porvoon-Taidehalli-view-Porvoo-Art-Hall-300x200.jpg\" data-large-file=\"https:\/\/www.maijahelasvuo.com\/wp-content\/uploads\/2024\/09\/Nakyma-Porvoon-Taidehalli-view-Porvoo-Art-Hall-1024x683.jpg\" src=\"https:\/\/www.maijahelasvuo.com\/wp-content\/uploads\/2024\/09\/Nakyma-Porvoon-Taidehalli-view-Porvoo-Art-Hall-234x156.jpg\" width=\"234\" height=\"156\" align=\"left\" title=\"N\u00e4kym\u00e4 Porvoon Taidehalli \/ view Porvoo Art Hall\" \/><\/a><\/div><div class=\"tiled-gallery-item tiled-gallery-item-small\"><a href=\"https:\/\/www.maijahelasvuo.com\/fi\/suomi-porvoon-taidehalli-2023\/nakyma-porvoon-taidehalli-view-porvoo-art-hall-2\/\"><img loading=\"lazy\" decoding=\"async\" data-attachment-id=\"642\" data-orig-file=\"https:\/\/www.maijahelasvuo.com\/wp-content\/uploads\/2024\/09\/Nakyma-Porvoon-Taidehalli-view-Porvoo-Art-Hall-2.jpg\" data-orig-size=\"1920,1281\" data-comments-opened=\"0\" data-image-meta=\"{&quot;aperture&quot;:&quot;11&quot;,&quot;credit&quot;:&quot;&quot;,&quot;camera&quot;:&quot;NIKON D800&quot;,&quot;caption&quot;:&quot;&quot;,&quot;created_timestamp&quot;:&quot;1676719480&quot;,&quot;copyright&quot;:&quot;&quot;,&quot;focal_length&quot;:&quot;24&quot;,&quot;iso&quot;:&quot;200&quot;,&quot;shutter_speed&quot;:&quot;0.4&quot;,&quot;title&quot;:&quot;&quot;,&quot;orientation&quot;:&quot;1&quot;}\" data-image-title=\"N\u00e4kym\u00e4 Porvoon Taidehalli \/ view Porvoo Art Hall\" data-image-description=\"\" data-medium-file=\"https:\/\/www.maijahelasvuo.com\/wp-content\/uploads\/2024\/09\/Nakyma-Porvoon-Taidehalli-view-Porvoo-Art-Hall-2-300x200.jpg\" data-large-file=\"https:\/\/www.maijahelasvuo.com\/wp-content\/uploads\/2024\/09\/Nakyma-Porvoon-Taidehalli-view-Porvoo-Art-Hall-2-1024x683.jpg\" src=\"https:\/\/www.maijahelasvuo.com\/wp-content\/uploads\/2024\/09\/Nakyma-Porvoon-Taidehalli-view-Porvoo-Art-Hall-2-234x156.jpg\" width=\"234\" height=\"156\" align=\"left\" title=\"N\u00e4kym\u00e4 Porvoon Taidehalli \/ view Porvoo Art Hall\" \/><\/a><\/div><\/div><\/div><div class=\"gallery-row\" style=\"width: 715px; height: 156px;\"><div class=\"gallery-group images-1\" style=\"width: 238px; height: 160px;\"><div class=\"tiled-gallery-item tiled-gallery-item-small\"><a href=\"https:\/\/www.maijahelasvuo.com\/fi\/suomi-porvoon-taidehalli-2023\/from-spring-to-autumn-ja-meidan-eno\/\"><img loading=\"lazy\" decoding=\"async\" data-attachment-id=\"648\" data-orig-file=\"https:\/\/www.maijahelasvuo.com\/wp-content\/uploads\/2024\/09\/From-Spring-to-Autumn-ja-Meidan-Eno.jpg\" data-orig-size=\"1920,1281\" data-comments-opened=\"0\" data-image-meta=\"{&quot;aperture&quot;:&quot;13&quot;,&quot;credit&quot;:&quot;&quot;,&quot;camera&quot;:&quot;NIKON D800&quot;,&quot;caption&quot;:&quot;&quot;,&quot;created_timestamp&quot;:&quot;1676719557&quot;,&quot;copyright&quot;:&quot;&quot;,&quot;focal_length&quot;:&quot;24&quot;,&quot;iso&quot;:&quot;200&quot;,&quot;shutter_speed&quot;:&quot;0.4&quot;,&quot;title&quot;:&quot;&quot;,&quot;orientation&quot;:&quot;1&quot;}\" data-image-title=\"Kev\u00e4\u00e4st\u00e4 syksyyn \/ From Spring to Autumn (2021), Meid\u00e4n Eno (2022)\" data-image-description=\"\" data-medium-file=\"https:\/\/www.maijahelasvuo.com\/wp-content\/uploads\/2024\/09\/From-Spring-to-Autumn-ja-Meidan-Eno-300x200.jpg\" data-large-file=\"https:\/\/www.maijahelasvuo.com\/wp-content\/uploads\/2024\/09\/From-Spring-to-Autumn-ja-Meidan-Eno-1024x683.jpg\" src=\"https:\/\/www.maijahelasvuo.com\/wp-content\/uploads\/2024\/09\/From-Spring-to-Autumn-ja-Meidan-Eno-234x156.jpg\" width=\"234\" height=\"156\" align=\"left\" title=\"Kev\u00e4\u00e4st\u00e4 syksyyn \/ From Spring to Autumn (2021), Meid\u00e4n Eno (2022)\" \/><\/a><div class=\"tiled-gallery-caption\">Keskell\u00e4 \/ In the middle: Kev\u00e4\u00e4st\u00e4 syksyyn \/ From Spring to Autumn (2021), m\u00e4nty, haapa, lepp\u00e4, mustalepp\u00e4, sellakka, maali \/ pine, aspen, alder, blackalder, shellac, paint<br>Oikealla \/ On the Right: Meid\u00e4n Eno (2022), koivu, lepp\u00e4, eebenpuu, lasi, pianon osat \/ birch, alder, eebenwood, glass, parts of the piano<\/div><\/div><\/div><div class=\"gallery-group images-1\" style=\"width: 239px; height: 160px;\"><div class=\"tiled-gallery-item tiled-gallery-item-small\"><a href=\"https:\/\/www.maijahelasvuo.com\/fi\/suomi-porvoon-taidehalli-2023\/from-spring-to-autumn-2021\/\"><img loading=\"lazy\" decoding=\"async\" data-attachment-id=\"647\" data-orig-file=\"https:\/\/www.maijahelasvuo.com\/wp-content\/uploads\/2024\/09\/From-Spring-to-Autumn-2021.jpg\" data-orig-size=\"1920,1280\" data-comments-opened=\"0\" data-image-meta=\"{&quot;aperture&quot;:&quot;18&quot;,&quot;credit&quot;:&quot;&quot;,&quot;camera&quot;:&quot;Canon EOS 5DS&quot;,&quot;caption&quot;:&quot;&quot;,&quot;created_timestamp&quot;:&quot;1659711354&quot;,&quot;copyright&quot;:&quot;&quot;,&quot;focal_length&quot;:&quot;50&quot;,&quot;iso&quot;:&quot;100&quot;,&quot;shutter_speed&quot;:&quot;0.8&quot;,&quot;title&quot;:&quot;&quot;,&quot;orientation&quot;:&quot;1&quot;}\" data-image-title=\"From Spring to Autumn\" data-image-description=\"\" data-medium-file=\"https:\/\/www.maijahelasvuo.com\/wp-content\/uploads\/2024\/09\/From-Spring-to-Autumn-2021-300x200.jpg\" data-large-file=\"https:\/\/www.maijahelasvuo.com\/wp-content\/uploads\/2024\/09\/From-Spring-to-Autumn-2021-1024x683.jpg\" src=\"https:\/\/www.maijahelasvuo.com\/wp-content\/uploads\/2024\/09\/From-Spring-to-Autumn-2021-235x156.jpg\" width=\"235\" height=\"156\" align=\"left\" title=\"From Spring to Autumn\" \/><\/a><div class=\"tiled-gallery-caption\">2021, m\u00e4nty, haapa, lepp\u00e4, mustalepp\u00e4, sellakka, maali \/ pine, aspen, alder, blackalder, shellac, paint<\/div><\/div><\/div><div class=\"gallery-group images-1\" style=\"width: 238px; height: 160px;\"><div class=\"tiled-gallery-item tiled-gallery-item-small\"><a href=\"https:\/\/www.maijahelasvuo.com\/fi\/suomi-porvoon-taidehalli-2023\/lahto\/\"><img loading=\"lazy\" decoding=\"async\" data-attachment-id=\"654\" data-orig-file=\"https:\/\/www.maijahelasvuo.com\/wp-content\/uploads\/2024\/09\/Lahto.jpg\" data-orig-size=\"1920,1281\" data-comments-opened=\"0\" data-image-meta=\"{&quot;aperture&quot;:&quot;13&quot;,&quot;credit&quot;:&quot;&quot;,&quot;camera&quot;:&quot;NIKON D800&quot;,&quot;caption&quot;:&quot;&quot;,&quot;created_timestamp&quot;:&quot;1676719770&quot;,&quot;copyright&quot;:&quot;&quot;,&quot;focal_length&quot;:&quot;58&quot;,&quot;iso&quot;:&quot;200&quot;,&quot;shutter_speed&quot;:&quot;0.25&quot;,&quot;title&quot;:&quot;&quot;,&quot;orientation&quot;:&quot;1&quot;}\" data-image-title=\"L\u00e4ht\u00f6 \/ Departure\" data-image-description=\"\" data-medium-file=\"https:\/\/www.maijahelasvuo.com\/wp-content\/uploads\/2024\/09\/Lahto-300x200.jpg\" data-large-file=\"https:\/\/www.maijahelasvuo.com\/wp-content\/uploads\/2024\/09\/Lahto-1024x683.jpg\" src=\"https:\/\/www.maijahelasvuo.com\/wp-content\/uploads\/2024\/09\/Lahto-234x156.jpg\" width=\"234\" height=\"156\" align=\"left\" title=\"L\u00e4ht\u00f6 \/ Departure\" \/><\/a><div class=\"tiled-gallery-caption\">2022, pronssi \/ bronze<\/div><\/div><\/div><\/div><div class=\"gallery-row\" style=\"width: 715px; height: 316px;\"><div class=\"gallery-group images-2\" style=\"width: 238px; height: 320px;\"><div class=\"tiled-gallery-item tiled-gallery-item-small\"><a href=\"https:\/\/www.maijahelasvuo.com\/fi\/suomi-porvoon-taidehalli-2023\/viima\/\"><img loading=\"lazy\" decoding=\"async\" data-attachment-id=\"659\" data-orig-file=\"https:\/\/www.maijahelasvuo.com\/wp-content\/uploads\/2024\/09\/Viima.jpg\" data-orig-size=\"1920,1281\" data-comments-opened=\"0\" data-image-meta=\"{&quot;aperture&quot;:&quot;13&quot;,&quot;credit&quot;:&quot;&quot;,&quot;camera&quot;:&quot;NIKON D800&quot;,&quot;caption&quot;:&quot;&quot;,&quot;created_timestamp&quot;:&quot;1676719649&quot;,&quot;copyright&quot;:&quot;&quot;,&quot;focal_length&quot;:&quot;42&quot;,&quot;iso&quot;:&quot;200&quot;,&quot;shutter_speed&quot;:&quot;0.25&quot;,&quot;title&quot;:&quot;&quot;,&quot;orientation&quot;:&quot;1&quot;}\" data-image-title=\"Viima \/ Wind\" data-image-description=\"\" data-medium-file=\"https:\/\/www.maijahelasvuo.com\/wp-content\/uploads\/2024\/09\/Viima-300x200.jpg\" data-large-file=\"https:\/\/www.maijahelasvuo.com\/wp-content\/uploads\/2024\/09\/Viima-1024x683.jpg\" src=\"https:\/\/www.maijahelasvuo.com\/wp-content\/uploads\/2024\/09\/Viima-234x156.jpg\" width=\"234\" height=\"156\" align=\"left\" title=\"Viima \/ Wind\" \/><\/a><div class=\"tiled-gallery-caption\">2022, pronssi \/ bronze<\/div><\/div><div class=\"tiled-gallery-item tiled-gallery-item-small\"><a href=\"https:\/\/www.maijahelasvuo.com\/fi\/suomi-porvoon-taidehalli-2023\/porvoon-taidehalli-yleiskuva-1\/\"><img loading=\"lazy\" decoding=\"async\" data-attachment-id=\"661\" data-orig-file=\"https:\/\/www.maijahelasvuo.com\/wp-content\/uploads\/2024\/09\/Porvoon-Taidehalli-Yleiskuva-1.jpg\" data-orig-size=\"1920,1281\" data-comments-opened=\"0\" data-image-meta=\"{&quot;aperture&quot;:&quot;14&quot;,&quot;credit&quot;:&quot;&quot;,&quot;camera&quot;:&quot;NIKON D800&quot;,&quot;caption&quot;:&quot;&quot;,&quot;created_timestamp&quot;:&quot;1676721033&quot;,&quot;copyright&quot;:&quot;&quot;,&quot;focal_length&quot;:&quot;15&quot;,&quot;iso&quot;:&quot;200&quot;,&quot;shutter_speed&quot;:&quot;0.625&quot;,&quot;title&quot;:&quot;&quot;,&quot;orientation&quot;:&quot;1&quot;}\" data-image-title=\"Porvoon Taidehalli yleiskuva \/ Porvoo Art Hall view\" data-image-description=\"\" data-medium-file=\"https:\/\/www.maijahelasvuo.com\/wp-content\/uploads\/2024\/09\/Porvoon-Taidehalli-Yleiskuva-1-300x200.jpg\" data-large-file=\"https:\/\/www.maijahelasvuo.com\/wp-content\/uploads\/2024\/09\/Porvoon-Taidehalli-Yleiskuva-1-1024x683.jpg\" src=\"https:\/\/www.maijahelasvuo.com\/wp-content\/uploads\/2024\/09\/Porvoon-Taidehalli-Yleiskuva-1-234x156.jpg\" width=\"234\" height=\"156\" align=\"left\" title=\"Porvoon Taidehalli yleiskuva \/ Porvoo Art Hall view\" \/><\/a><\/div><\/div><div class=\"gallery-group images-1\" style=\"width: 477px; height: 320px;\"><div class=\"tiled-gallery-item tiled-gallery-item-large\"><a href=\"https:\/\/www.maijahelasvuo.com\/fi\/suomi-porvoon-taidehalli-2023\/porvoon-taidehalli-yleiskuva-2\/\"><img loading=\"lazy\" decoding=\"async\" data-attachment-id=\"662\" data-orig-file=\"https:\/\/www.maijahelasvuo.com\/wp-content\/uploads\/2024\/09\/Porvoon-Taidehalli-Yleiskuva-2.jpg\" data-orig-size=\"1920,1281\" data-comments-opened=\"0\" data-image-meta=\"{&quot;aperture&quot;:&quot;14&quot;,&quot;credit&quot;:&quot;&quot;,&quot;camera&quot;:&quot;NIKON D800&quot;,&quot;caption&quot;:&quot;&quot;,&quot;created_timestamp&quot;:&quot;1676720988&quot;,&quot;copyright&quot;:&quot;&quot;,&quot;focal_length&quot;:&quot;15&quot;,&quot;iso&quot;:&quot;200&quot;,&quot;shutter_speed&quot;:&quot;0.76923076923077&quot;,&quot;title&quot;:&quot;&quot;,&quot;orientation&quot;:&quot;1&quot;}\" data-image-title=\"Porvoon Taidehalli yleiskuva \/ Porvoo Art Hall view\" data-image-description=\"\" data-medium-file=\"https:\/\/www.maijahelasvuo.com\/wp-content\/uploads\/2024\/09\/Porvoon-Taidehalli-Yleiskuva-2-300x200.jpg\" data-large-file=\"https:\/\/www.maijahelasvuo.com\/wp-content\/uploads\/2024\/09\/Porvoon-Taidehalli-Yleiskuva-2-1024x683.jpg\" src=\"https:\/\/www.maijahelasvuo.com\/wp-content\/uploads\/2024\/09\/Porvoon-Taidehalli-Yleiskuva-2-473x316.jpg\" width=\"473\" height=\"316\" align=\"left\" title=\"Porvoon Taidehalli yleiskuva \/ Porvoo Art Hall view\" \/><\/a><\/div><\/div><\/div><\/div>\n","protected":false},"excerpt":{"rendered":"","protected":false},"author":1,"featured_media":0,"comment_status":"closed","ping_status":"open","sticky":false,"template":"","format":"standard","meta":{"footnotes":""},"categories":[30],"tags":[],"class_list":["post-630","post","type-post","status-publish","format-standard","hentry","category-30"],"_links":{"self":[{"href":"https:\/\/www.maijahelasvuo.com\/fi\/wp-json\/wp\/v2\/posts\/630","targetHints":{"allow":["GET"]}}],"collection":[{"href":"https:\/\/www.maijahelasvuo.com\/fi\/wp-json\/wp\/v2\/posts"}],"about":[{"href":"https:\/\/www.maijahelasvuo.com\/fi\/wp-json\/wp\/v2\/types\/post"}],"author":[{"embeddable":true,"href":"https:\/\/www.maijahelasvuo.com\/fi\/wp-json\/wp\/v2\/users\/1"}],"replies":[{"embeddable":true,"href":"https:\/\/www.maijahelasvuo.com\/fi\/wp-json\/wp\/v2\/comments?post=630"}],"version-history":[{"count":25,"href":"https:\/\/www.maijahelasvuo.com\/fi\/wp-json\/wp\/v2\/posts\/630\/revisions"}],"predecessor-version":[{"id":684,"href":"https:\/\/www.maijahelasvuo.com\/fi\/wp-json\/wp\/v2\/posts\/630\/revisions\/684"}],"wp:attachment":[{"href":"https:\/\/www.maijahelasvuo.com\/fi\/wp-json\/wp\/v2\/media?parent=630"}],"wp:term":[{"taxonomy":"category","embeddable":true,"href":"https:\/\/www.maijahelasvuo.com\/fi\/wp-json\/wp\/v2\/categories?post=630"},{"taxonomy":"post_tag","embeddable":true,"href":"https:\/\/www.maijahelasvuo.com\/fi\/wp-json\/wp\/v2\/tags?post=630"}],"curies":[{"name":"wp","href":"https:\/\/api.w.org\/{rel}","templated":true}]}}